{"id":486,"date":"2020-05-12T10:17:06","date_gmt":"2020-05-12T08:17:06","guid":{"rendered":"https:\/\/web.reynesadvocat.com\/hello-world-13\/"},"modified":"2021-11-16T12:27:19","modified_gmt":"2021-11-16T11:27:19","slug":"derecho-de-la-seguridad-social","status":"publish","type":"post","link":"https:\/\/www.reynesadvocat.com\/es\/derecho-de-la-seguridad-social\/","title":{"rendered":"DERECHO DE LA SEGURIDAD SOCIAL"},"content":{"rendered":"<div class=\"wpb-content-wrapper\"><p>[vc_row][vc_column][vc_column_text]<strong><u>El TRIBUNAL CONSTITUCIONAL DECLARA TAMBI\u00c9N LA NULIDAD DE LA APLICACI\u00d3N DEL COEFICIENTE DE PARCIALIDAD PARA LAS PENSIONES DE INCAPACIDAD PERMANENTE POR ENFERMEDAD COM\u00daN.<\/u><\/strong><\/p>\n<p>Como no podr\u00eda ser de otra forma, por Sentencia de 13 de septiembre de 2021, el TC ha declarado la nulidad del inciso \u201cjubilaci\u00f3n y de incapacidad permanente derivada de enfermedad com\u00fan\u201d del p\u00e1rrafo primero del art\u00edculo 248. 3 de la Ley General de la Seguridad Social.<\/p>\n<p>El redactado era el siguiente:<\/p>\n<ol start=\"3\">\n<li>A efectos de determinar la cuant\u00eda de las pensiones de jubilaci\u00f3n y de incapacidad permanente derivada de enfermedad com\u00fan, el n\u00famero de d\u00edas cotizados que resulten de lo establecido en el segundo p\u00e1rrafo de la letra a) del art\u00edculo 247, se incrementar\u00e1 con la aplicaci\u00f3n del coeficiente del 1,5, sino que el n\u00famero de d\u00edas resultante pueda ser superior al per\u00edodo de alta a tiempo parcial.<\/li>\n<\/ol>\n<p>La base reguladora de la pensi\u00f3n estaba condicionada por dos factores como eran 1) la base reguladora resultante de las cotizaciones consideradas (con una realidad evidente como es que las cotizaciones a tiempo parcial son inferiores a las de tiempo completo) y 2) el per\u00edodo de cotizaci\u00f3n en el que se establec\u00eda una reducci\u00f3n por los trabajadores a tiempo parcial. Esta forma de c\u00e1lculo supon\u00eda una doble penalizaci\u00f3n por los trabajadores que hab\u00edan cotizado a tiempo parcial, que ve\u00edan disminuida la prestaci\u00f3n no s\u00f3lo por una cotizaci\u00f3n menor sino que adem\u00e1s se les aplicaba \u00abartificialmente\u00bb el coeficiente reductor por parcialidad.<\/p>\n<p>Con esta declaraci\u00f3n pasa a computarse \u00fanicamente la base reguladora como fruto de las cotizaciones realizadas, sin aplicarse coeficiente alguno por parcialidad.<\/p>\n<p>&nbsp;<\/p>\n<p><strong>RESPETO DE LA JUBILACI\u00d3N YA SE DECLAR\u00d3 LA NULIDAD EN 2019<\/strong><\/p>\n<p>El Tribunal Constitucional ya declar\u00f3 en 2019 y por unanimidad la nulidad de determinantes apartados del precepto que regula la cuant\u00eda de la pensi\u00f3n de jubilaci\u00f3n de los trabajadores a tiempo parcial (Disposici\u00f3n adicional s\u00e9ptima de la Ley General de la Seguridad Social) por considerar que vulnera el derecho a la igualdad y el principio de no discriminaci\u00f3n de la mujer.<\/p>\n<p>Era evidente ya en ese momento que se produc\u00eda un doble castigo a los trabajadores a tiempo parcial, a los que se les reduc\u00eda la base reguladora de la pensi\u00f3n no s\u00f3lo por la evidencia de la cotizaci\u00f3n inferior a la de los trabajadores a tiempo completo, sino que se a\u00f1ad\u00eda una reducci\u00f3n del per\u00edodo de cotizaci\u00f3n que no se operaba en los trabajadores a jornada completa por la aplicaci\u00f3n del \u201ccoeficiente de parcialidad\u201d que reduce el n\u00famero efectivo de d\u00edas cotizados.<\/p>\n<p>En tanto que la contrataci\u00f3n a tiempo parcial afecta mayoritariamente a las mujeres trabajadoras, el TC lo considera una discriminaci\u00f3n indirecta por raz\u00f3n de sexo.<\/p>\n<p>Esta sentencia no podr\u00e1 hacerse extensible a las situaciones administrativas firmes.[\/vc_column_text][\/vc_column][\/vc_row]<\/p>\n<\/div>","protected":false},"excerpt":{"rendered":"<p>El Tribunal Constitucional declara tambi\u00e9n la nulidad de la aplicaci\u00f3n del coeficiente de parcialidad para las pensiones de incapacidad permanente por enfermedad com\u00fan.<\/p>\n","protected":false},"author":1,"featured_media":716,"comment_status":"closed","ping_status":"closed","sticky":false,"template":"","format":"standard","meta":{"footnotes":""},"categories":[6],"tags":[],"class_list":["post-486","post","type-post","status-publish","format-standard","has-post-thumbnail","hentry","category-sin-categorizar","category-6","description-off"],"yoast_head":"<!-- This site is optimized with the Yoast SEO plugin v27.4 - https:\/\/yoast.com\/product\/yoast-seo-wordpress\/ -->\n<title>DERECHO DE LA SEGURIDAD SOCIAL - Reyn\u00e9s Advocat SLP<\/title>\n<meta name=\"robots\" content=\"index, follow, max-snippet:-1, max-image-preview:large, max-video-preview:-1\" \/>\n<link rel=\"canonical\" href=\"https:\/\/www.reynesadvocat.com\/es\/derecho-de-la-seguridad-social\/\" \/>\n<meta property=\"og:locale\" content=\"es_ES\" \/>\n<meta property=\"og:type\" content=\"article\" \/>\n<meta property=\"og:title\" content=\"DERECHO DE LA SEGURIDAD SOCIAL - Reyn\u00e9s Advocat SLP\" \/>\n<meta property=\"og:description\" content=\"El Tribunal Constitucional declara tambi\u00e9n la nulidad de la aplicaci\u00f3n del coeficiente de parcialidad para las pensiones de incapacidad permanente por enfermedad com\u00fan.\" \/>\n<meta property=\"og:url\" content=\"https:\/\/www.reynesadvocat.com\/es\/derecho-de-la-seguridad-social\/\" \/>\n<meta property=\"og:site_name\" content=\"Reyn\u00e9s Advocat SLP\" \/>\n<meta property=\"article:published_time\" content=\"2020-05-12T08:17:06+00:00\" \/>\n<meta property=\"article:modified_time\" content=\"2021-11-16T11:27:19+00:00\" \/>\n<meta property=\"og:image\" content=\"https:\/\/www.reynesadvocat.com\/wp-content\/uploads\/2020\/05\/IMG_3001.jpg\" \/>\n\t<meta property=\"og:image:width\" content=\"1280\" \/>\n\t<meta property=\"og:image:height\" content=\"960\" \/>\n\t<meta property=\"og:image:type\" content=\"image\/jpeg\" \/>\n<meta name=\"author\" content=\"admin\" \/>\n<meta name=\"twitter:card\" content=\"summary_large_image\" \/>\n<meta name=\"twitter:label1\" content=\"Escrito por\" \/>\n\t<meta name=\"twitter:data1\" content=\"admin\" \/>\n\t<meta name=\"twitter:label2\" content=\"Tiempo de lectura\" \/>\n\t<meta name=\"twitter:data2\" content=\"2 minutos\" \/>\n<script type=\"application\/ld+json\" class=\"yoast-schema-graph\">{\"@context\":\"https:\\\/\\\/schema.org\",\"@graph\":[{\"@type\":\"Article\",\"@id\":\"https:\\\/\\\/www.reynesadvocat.com\\\/es\\\/derecho-de-la-seguridad-social\\\/#article\",\"isPartOf\":{\"@id\":\"https:\\\/\\\/www.reynesadvocat.com\\\/es\\\/derecho-de-la-seguridad-social\\\/\"},\"author\":{\"name\":\"admin\",\"@id\":\"https:\\\/\\\/www.reynesadvocat.com\\\/#\\\/schema\\\/person\\\/06145831b1225275b25752de0ffa3b0d\"},\"headline\":\"DERECHO DE LA SEGURIDAD SOCIAL\",\"datePublished\":\"2020-05-12T08:17:06+00:00\",\"dateModified\":\"2021-11-16T11:27:19+00:00\",\"mainEntityOfPage\":{\"@id\":\"https:\\\/\\\/www.reynesadvocat.com\\\/es\\\/derecho-de-la-seguridad-social\\\/\"},\"wordCount\":520,\"publisher\":{\"@id\":\"https:\\\/\\\/www.reynesadvocat.com\\\/#organization\"},\"image\":{\"@id\":\"https:\\\/\\\/www.reynesadvocat.com\\\/es\\\/derecho-de-la-seguridad-social\\\/#primaryimage\"},\"thumbnailUrl\":\"https:\\\/\\\/www.reynesadvocat.com\\\/wp-content\\\/uploads\\\/2020\\\/05\\\/IMG_3001.jpg\",\"articleSection\":[\"Sin categorizar\"],\"inLanguage\":\"es\"},{\"@type\":\"WebPage\",\"@id\":\"https:\\\/\\\/www.reynesadvocat.com\\\/es\\\/derecho-de-la-seguridad-social\\\/\",\"url\":\"https:\\\/\\\/www.reynesadvocat.com\\\/es\\\/derecho-de-la-seguridad-social\\\/\",\"name\":\"DERECHO DE LA SEGURIDAD SOCIAL - Reyn\u00e9s Advocat SLP\",\"isPartOf\":{\"@id\":\"https:\\\/\\\/www.reynesadvocat.com\\\/#website\"},\"primaryImageOfPage\":{\"@id\":\"https:\\\/\\\/www.reynesadvocat.com\\\/es\\\/derecho-de-la-seguridad-social\\\/#primaryimage\"},\"image\":{\"@id\":\"https:\\\/\\\/www.reynesadvocat.com\\\/es\\\/derecho-de-la-seguridad-social\\\/#primaryimage\"},\"thumbnailUrl\":\"https:\\\/\\\/www.reynesadvocat.com\\\/wp-content\\\/uploads\\\/2020\\\/05\\\/IMG_3001.jpg\",\"datePublished\":\"2020-05-12T08:17:06+00:00\",\"dateModified\":\"2021-11-16T11:27:19+00:00\",\"breadcrumb\":{\"@id\":\"https:\\\/\\\/www.reynesadvocat.com\\\/es\\\/derecho-de-la-seguridad-social\\\/#breadcrumb\"},\"inLanguage\":\"es\",\"potentialAction\":[{\"@type\":\"ReadAction\",\"target\":[\"https:\\\/\\\/www.reynesadvocat.com\\\/es\\\/derecho-de-la-seguridad-social\\\/\"]}]},{\"@type\":\"ImageObject\",\"inLanguage\":\"es\",\"@id\":\"https:\\\/\\\/www.reynesadvocat.com\\\/es\\\/derecho-de-la-seguridad-social\\\/#primaryimage\",\"url\":\"https:\\\/\\\/www.reynesadvocat.com\\\/wp-content\\\/uploads\\\/2020\\\/05\\\/IMG_3001.jpg\",\"contentUrl\":\"https:\\\/\\\/www.reynesadvocat.com\\\/wp-content\\\/uploads\\\/2020\\\/05\\\/IMG_3001.jpg\",\"width\":1280,\"height\":960},{\"@type\":\"BreadcrumbList\",\"@id\":\"https:\\\/\\\/www.reynesadvocat.com\\\/es\\\/derecho-de-la-seguridad-social\\\/#breadcrumb\",\"itemListElement\":[{\"@type\":\"ListItem\",\"position\":1,\"name\":\"Portada\",\"item\":\"https:\\\/\\\/www.reynesadvocat.com\\\/es\\\/sample-page\\\/\"},{\"@type\":\"ListItem\",\"position\":2,\"name\":\"DERECHO DE LA SEGURIDAD SOCIAL\"}]},{\"@type\":\"WebSite\",\"@id\":\"https:\\\/\\\/www.reynesadvocat.com\\\/#website\",\"url\":\"https:\\\/\\\/www.reynesadvocat.com\\\/\",\"name\":\"Reyn\u00e9s Advocat SLP\",\"description\":\"\",\"publisher\":{\"@id\":\"https:\\\/\\\/www.reynesadvocat.com\\\/#organization\"},\"potentialAction\":[{\"@type\":\"SearchAction\",\"target\":{\"@type\":\"EntryPoint\",\"urlTemplate\":\"https:\\\/\\\/www.reynesadvocat.com\\\/?s={search_term_string}\"},\"query-input\":{\"@type\":\"PropertyValueSpecification\",\"valueRequired\":true,\"valueName\":\"search_term_string\"}}],\"inLanguage\":\"es\"},{\"@type\":\"Organization\",\"@id\":\"https:\\\/\\\/www.reynesadvocat.com\\\/#organization\",\"name\":\"Reyn\u00e9s Advocat SLP\",\"url\":\"https:\\\/\\\/www.reynesadvocat.com\\\/\",\"logo\":{\"@type\":\"ImageObject\",\"inLanguage\":\"es\",\"@id\":\"https:\\\/\\\/www.reynesadvocat.com\\\/#\\\/schema\\\/logo\\\/image\\\/\",\"url\":\"\",\"contentUrl\":\"\",\"caption\":\"Reyn\u00e9s Advocat SLP\"},\"image\":{\"@id\":\"https:\\\/\\\/www.reynesadvocat.com\\\/#\\\/schema\\\/logo\\\/image\\\/\"}},{\"@type\":\"Person\",\"@id\":\"https:\\\/\\\/www.reynesadvocat.com\\\/#\\\/schema\\\/person\\\/06145831b1225275b25752de0ffa3b0d\",\"name\":\"admin\",\"image\":{\"@type\":\"ImageObject\",\"inLanguage\":\"es\",\"@id\":\"https:\\\/\\\/secure.gravatar.com\\\/avatar\\\/e7aabb8d2a9ce45dd2677006e9b4c84e4f1e8384068c2742cca1840d71ab57a8?s=96&d=mm&r=g\",\"url\":\"https:\\\/\\\/secure.gravatar.com\\\/avatar\\\/e7aabb8d2a9ce45dd2677006e9b4c84e4f1e8384068c2742cca1840d71ab57a8?s=96&d=mm&r=g\",\"contentUrl\":\"https:\\\/\\\/secure.gravatar.com\\\/avatar\\\/e7aabb8d2a9ce45dd2677006e9b4c84e4f1e8384068c2742cca1840d71ab57a8?s=96&d=mm&r=g\",\"caption\":\"admin\"},\"sameAs\":[\"https:\\\/\\\/web.reynesadvocat.com\"]}]}<\/script>\n<!-- \/ Yoast SEO plugin. -->","yoast_head_json":{"title":"DERECHO DE LA SEGURIDAD SOCIAL - Reyn\u00e9s Advocat SLP","robots":{"index":"index","follow":"follow","max-snippet":"max-snippet:-1","max-image-preview":"max-image-preview:large","max-video-preview":"max-video-preview:-1"},"canonical":"https:\/\/www.reynesadvocat.com\/es\/derecho-de-la-seguridad-social\/","og_locale":"es_ES","og_type":"article","og_title":"DERECHO DE LA SEGURIDAD SOCIAL - Reyn\u00e9s Advocat SLP","og_description":"El Tribunal Constitucional declara tambi\u00e9n la nulidad de la aplicaci\u00f3n del coeficiente de parcialidad para las pensiones de incapacidad permanente por enfermedad com\u00fan.","og_url":"https:\/\/www.reynesadvocat.com\/es\/derecho-de-la-seguridad-social\/","og_site_name":"Reyn\u00e9s Advocat SLP","article_published_time":"2020-05-12T08:17:06+00:00","article_modified_time":"2021-11-16T11:27:19+00:00","og_image":[{"width":1280,"height":960,"url":"https:\/\/www.reynesadvocat.com\/wp-content\/uploads\/2020\/05\/IMG_3001.jpg","type":"image\/jpeg"}],"author":"admin","twitter_card":"summary_large_image","twitter_misc":{"Escrito por":"admin","Tiempo de lectura":"2 minutos"},"schema":{"@context":"https:\/\/schema.org","@graph":[{"@type":"Article","@id":"https:\/\/www.reynesadvocat.com\/es\/derecho-de-la-seguridad-social\/#article","isPartOf":{"@id":"https:\/\/www.reynesadvocat.com\/es\/derecho-de-la-seguridad-social\/"},"author":{"name":"admin","@id":"https:\/\/www.reynesadvocat.com\/#\/schema\/person\/06145831b1225275b25752de0ffa3b0d"},"headline":"DERECHO DE LA SEGURIDAD SOCIAL","datePublished":"2020-05-12T08:17:06+00:00","dateModified":"2021-11-16T11:27:19+00:00","mainEntityOfPage":{"@id":"https:\/\/www.reynesadvocat.com\/es\/derecho-de-la-seguridad-social\/"},"wordCount":520,"publisher":{"@id":"https:\/\/www.reynesadvocat.com\/#organization"},"image":{"@id":"https:\/\/www.reynesadvocat.com\/es\/derecho-de-la-seguridad-social\/#primaryimage"},"thumbnailUrl":"https:\/\/www.reynesadvocat.com\/wp-content\/uploads\/2020\/05\/IMG_3001.jpg","articleSection":["Sin categorizar"],"inLanguage":"es"},{"@type":"WebPage","@id":"https:\/\/www.reynesadvocat.com\/es\/derecho-de-la-seguridad-social\/","url":"https:\/\/www.reynesadvocat.com\/es\/derecho-de-la-seguridad-social\/","name":"DERECHO DE LA SEGURIDAD SOCIAL - Reyn\u00e9s Advocat SLP","isPartOf":{"@id":"https:\/\/www.reynesadvocat.com\/#website"},"primaryImageOfPage":{"@id":"https:\/\/www.reynesadvocat.com\/es\/derecho-de-la-seguridad-social\/#primaryimage"},"image":{"@id":"https:\/\/www.reynesadvocat.com\/es\/derecho-de-la-seguridad-social\/#primaryimage"},"thumbnailUrl":"https:\/\/www.reynesadvocat.com\/wp-content\/uploads\/2020\/05\/IMG_3001.jpg","datePublished":"2020-05-12T08:17:06+00:00","dateModified":"2021-11-16T11:27:19+00:00","breadcrumb":{"@id":"https:\/\/www.reynesadvocat.com\/es\/derecho-de-la-seguridad-social\/#breadcrumb"},"inLanguage":"es","potentialAction":[{"@type":"ReadAction","target":["https:\/\/www.reynesadvocat.com\/es\/derecho-de-la-seguridad-social\/"]}]},{"@type":"ImageObject","inLanguage":"es","@id":"https:\/\/www.reynesadvocat.com\/es\/derecho-de-la-seguridad-social\/#primaryimage","url":"https:\/\/www.reynesadvocat.com\/wp-content\/uploads\/2020\/05\/IMG_3001.jpg","contentUrl":"https:\/\/www.reynesadvocat.com\/wp-content\/uploads\/2020\/05\/IMG_3001.jpg","width":1280,"height":960},{"@type":"BreadcrumbList","@id":"https:\/\/www.reynesadvocat.com\/es\/derecho-de-la-seguridad-social\/#breadcrumb","itemListElement":[{"@type":"ListItem","position":1,"name":"Portada","item":"https:\/\/www.reynesadvocat.com\/es\/sample-page\/"},{"@type":"ListItem","position":2,"name":"DERECHO DE LA SEGURIDAD SOCIAL"}]},{"@type":"WebSite","@id":"https:\/\/www.reynesadvocat.com\/#website","url":"https:\/\/www.reynesadvocat.com\/","name":"Reyn\u00e9s Advocat SLP","description":"","publisher":{"@id":"https:\/\/www.reynesadvocat.com\/#organization"},"potentialAction":[{"@type":"SearchAction","target":{"@type":"EntryPoint","urlTemplate":"https:\/\/www.reynesadvocat.com\/?s={search_term_string}"},"query-input":{"@type":"PropertyValueSpecification","valueRequired":true,"valueName":"search_term_string"}}],"inLanguage":"es"},{"@type":"Organization","@id":"https:\/\/www.reynesadvocat.com\/#organization","name":"Reyn\u00e9s Advocat SLP","url":"https:\/\/www.reynesadvocat.com\/","logo":{"@type":"ImageObject","inLanguage":"es","@id":"https:\/\/www.reynesadvocat.com\/#\/schema\/logo\/image\/","url":"","contentUrl":"","caption":"Reyn\u00e9s Advocat SLP"},"image":{"@id":"https:\/\/www.reynesadvocat.com\/#\/schema\/logo\/image\/"}},{"@type":"Person","@id":"https:\/\/www.reynesadvocat.com\/#\/schema\/person\/06145831b1225275b25752de0ffa3b0d","name":"admin","image":{"@type":"ImageObject","inLanguage":"es","@id":"https:\/\/secure.gravatar.com\/avatar\/e7aabb8d2a9ce45dd2677006e9b4c84e4f1e8384068c2742cca1840d71ab57a8?s=96&d=mm&r=g","url":"https:\/\/secure.gravatar.com\/avatar\/e7aabb8d2a9ce45dd2677006e9b4c84e4f1e8384068c2742cca1840d71ab57a8?s=96&d=mm&r=g","contentUrl":"https:\/\/secure.gravatar.com\/avatar\/e7aabb8d2a9ce45dd2677006e9b4c84e4f1e8384068c2742cca1840d71ab57a8?s=96&d=mm&r=g","caption":"admin"},"sameAs":["https:\/\/web.reynesadvocat.com"]}]}},"_links":{"self":[{"href":"https:\/\/www.reynesadvocat.com\/es\/wp-json\/wp\/v2\/posts\/486","targetHints":{"allow":["GET"]}}],"collection":[{"href":"https:\/\/www.reynesadvocat.com\/es\/wp-json\/wp\/v2\/posts"}],"about":[{"href":"https:\/\/www.reynesadvocat.com\/es\/wp-json\/wp\/v2\/types\/post"}],"author":[{"embeddable":true,"href":"https:\/\/www.reynesadvocat.com\/es\/wp-json\/wp\/v2\/users\/1"}],"replies":[{"embeddable":true,"href":"https:\/\/www.reynesadvocat.com\/es\/wp-json\/wp\/v2\/comments?post=486"}],"version-history":[{"count":5,"href":"https:\/\/www.reynesadvocat.com\/es\/wp-json\/wp\/v2\/posts\/486\/revisions"}],"predecessor-version":[{"id":735,"href":"https:\/\/www.reynesadvocat.com\/es\/wp-json\/wp\/v2\/posts\/486\/revisions\/735"}],"wp:featuredmedia":[{"embeddable":true,"href":"https:\/\/www.reynesadvocat.com\/es\/wp-json\/wp\/v2\/media\/716"}],"wp:attachment":[{"href":"https:\/\/www.reynesadvocat.com\/es\/wp-json\/wp\/v2\/media?parent=486"}],"wp:term":[{"taxonomy":"category","embeddable":true,"href":"https:\/\/www.reynesadvocat.com\/es\/wp-json\/wp\/v2\/categories?post=486"},{"taxonomy":"post_tag","embeddable":true,"href":"https:\/\/www.reynesadvocat.com\/es\/wp-json\/wp\/v2\/tags?post=486"}],"curies":[{"name":"wp","href":"https:\/\/api.w.org\/{rel}","templated":true}]}}